{"id":764,"date":"2014-06-23T19:33:29","date_gmt":"2014-06-23T18:33:29","guid":{"rendered":"http:\/\/college-louis-grenier.fr\/?p=764"},"modified":"2014-06-23T19:33:29","modified_gmt":"2014-06-23T18:33:29","slug":"championnat-departemental-dorthographe-2014","status":"publish","type":"post","link":"https:\/\/college-louis-grenier.fr\/index.php\/2014\/06\/23\/championnat-departemental-dorthographe-2014\/","title":{"rendered":"Championnat d\u00e9partemental d&rsquo;orthographe 2014"},"content":{"rendered":"<h3><b>Cette ann\u00e9e vingt-six \u00e9l\u00e8ves de 4\u00e8 et 3\u00e8 ont particip\u00e9 \u00e0 ce championnat. La premi\u00e8re dict\u00e9e \u00e9tait extraite d\u2019un roman de Philippe Delerm<i>\u00a0: La sieste assassin\u00e9e.<\/i><\/b><i> <\/i><b><i><\/i><\/b><\/h3>\n<h3><b><i>\u00a0\u00a0\u00a0\u00a0\u00a0\u00a0\u00a0 <\/i><\/b><b>Huit \u00e9l\u00e8ves ont pass\u00e9 la premi\u00e8re s\u00e9lection\u00a0: Antoine Beignet \u2013 Nolwen Domanget-Dubois \u2013 Alexandre Larch\u00e9 \u2013 Quentin Math\u00e8s \u2013 Nicolas Nezan \u2013 Camille Photopoulos \u2013 Alexandre Royer \u2013 Chlo\u00e9 Vallon<\/b><\/h3>\n<h3><b>Pour la deuxi\u00e8me \u00e9preuve, ils ont d\u00fb jongler avec les accords des participes pass\u00e9s tr\u00e8s pr\u00e9sents dans le texte extrait de<i> L\u2019\u00c9tranger<\/i> d\u2019Albert Camus.<\/b><\/h3>\n<h3><b>\u00a0Trois \u00e9l\u00e8ves ont obtenu des r\u00e9sultats tr\u00e8s honorables et ont \u00e9t\u00e9 s\u00e9lectionn\u00e9s pour la finale\u00a0:\u00a0 Antoine Beignet \u2013 Nicolas Nezan \u2013 Chlo\u00e9 Vallon\u00a0<\/b><\/h3>\n<h3><b>\u00a0Voici la dict\u00e9s sur laquelle ils ont planch\u00e9<\/b><b>\u00a0! <\/b><b>Il s\u2019agissait d\u2019un texte de Fr\u00e9d\u00e9ric Pommier<\/b><b> \u00ab\u00a0La tropolite\u00a0\u00bb,\u00a0extrait de son livre\u00a0<i>Mots en toc et formules<\/i><\/b><i> <b>en tic<\/b><\/i><b>.<\/b><\/h3>\n<h3>Ma grand-m\u00e8re a toujours \u00e9t\u00e9 tr\u00e8s \u00e0 cheval sur les bonnes mani\u00e8res. C&rsquo;est la cons\u00e9quence d&rsquo;une stricte \u00e9ducation, qu&rsquo;elle s&rsquo;est employ\u00e9e \u00e0 transmettre \u00e0 ses descendants. On ne coupe pas la parole, on ne met pas ses coudes sur la table et on ne dit pas \u00ab bonjour \u00bb quand on arrive quelque part. C&rsquo;est irr\u00e9v\u00e9rencieux.- \u00ab Commet \u00e7a ?, s&rsquo;\u00e9tait \u00e9tonn\u00e9e ma cousine un jour que notre a\u00efeule nous livrait ses conseils.- On dit \u00ab Bonjour madame \u00bb ou bien \u00ab Bonjour monsieur \u00bb. \u00bbEnsuite, elle nous avait emmen\u00e9s faire les courses \u00e0 la boulangerie et sa le\u00e7on de savoir-vivre s&rsquo;\u00e9tait transform\u00e9e en exercice pratique. Devant nous, il y avait une dame et un monsieur. \u00ab Bonjour madame, bonjour monsieur \u00bb, avions-nous braill\u00e9 de concert, en \u00e9l\u00e8ves appliqu\u00e9s, avant de demander une baguette au s\u00e9same. Puis, une fois la baguette en main, j&rsquo;avais lanc\u00e9 \u00e0 la vendeuse : \u00ab merci infiniment ! \u00bb<\/h3>\n<h3>En ressortant, mon anc\u00eatre au tr\u00e8s ch\u00e2ti\u00e9 langage semblait ahurie. Elle m&rsquo;a enguirland\u00e9.- \u00ab Mais quel salamalec ! On ne remercie pas infiniment une vendeuse ! Que je sache, cette donzelle ne t&rsquo;a pas sauv\u00e9 la vie ! Tu sais, la politesse, ce n&rsquo;est pas l&rsquo;obs\u00e9quiosit\u00e9, ni la flagornerie&#8230; \u00bbPourtant, de nos jours, de nombreuses personnes utilisent cette formule. Les journalistes, notamment, dans chacune de leurs interviews. J&rsquo;ai \u00e9voqu\u00e9 le sujet r\u00e9cemment avec ma grand-m\u00e8re, et elle aussi a remarqu\u00e9 la progression du ph\u00e9nom\u00e8ne.- \u00ab Mais, vois-tu, \u00e0 la r\u00e9flexion, je pense qu&rsquo;il s&rsquo;agit de l&rsquo;expression d&rsquo;une forme de spleen baudelairien&#8230; L&rsquo;adverbe infiniment t\u00e9moigne surtout, ce me semble, d&rsquo;une fringale de grands espaces et d&rsquo;un irr\u00e9sistible besoin d&rsquo;\u00e9vasion&#8230; \u00bb\u00c0 ce moment-l\u00e0, j&rsquo;ai soudainement ressenti l&rsquo;envie d&rsquo;\u00eatre autre part, puis en enfilant ma doudoune et ma chapka en faux vison, je l&rsquo;ai remerci\u00e9e infiniment de m&rsquo;avoir \u00e9clair\u00e9 sur l&rsquo;\u00e9pid\u00e9mie de tropolite.<\/h3>\n<p><b>Un grand bravo \u00e0 nos finalistes\u00a0!<\/b><\/p>\n<p style=\"text-align: right;\">Mme Trassin<\/p>\n","protected":false},"excerpt":{"rendered":"<p>Cette ann\u00e9e vingt-six \u00e9l\u00e8ves de 4\u00e8 et 3\u00e8 ont particip\u00e9 \u00e0 ce championnat. La premi\u00e8re dict\u00e9e \u00e9tait extraite d\u2019un roman de Philippe Delerm\u00a0: La sieste assassin\u00e9e. \u00a0\u00a0\u00a0\u00a0\u00a0\u00a0\u00a0 Huit \u00e9l\u00e8ves ont pass\u00e9 la premi\u00e8re s\u00e9lection\u00a0: Antoine Beignet \u2013 Nolwen Domanget-Dubois \u2013 Alexandre Larch\u00e9 \u2013 Quentin Math\u00e8s \u2013 Nicolas Nezan \u2013 Camille Photopoulos \u2013 Alexandre Royer \u2013 [&hellip;]<\/p>\n","protected":false},"author":1,"featured_media":0,"comment_status":"closed","ping_status":"open","sticky":false,"template":"","format":"standard","meta":{"footnotes":""},"categories":[27,29,6],"tags":[],"class_list":["post-764","post","type-post","status-publish","format-standard","hentry","category-concours","category-evenements","category-francais","entry"],"_links":{"self":[{"href":"https:\/\/college-louis-grenier.fr\/index.php\/wp-json\/wp\/v2\/posts\/764","targetHints":{"allow":["GET"]}}],"collection":[{"href":"https:\/\/college-louis-grenier.fr\/index.php\/wp-json\/wp\/v2\/posts"}],"about":[{"href":"https:\/\/college-louis-grenier.fr\/index.php\/wp-json\/wp\/v2\/types\/post"}],"author":[{"embeddable":true,"href":"https:\/\/college-louis-grenier.fr\/index.php\/wp-json\/wp\/v2\/users\/1"}],"replies":[{"embeddable":true,"href":"https:\/\/college-louis-grenier.fr\/index.php\/wp-json\/wp\/v2\/comments?post=764"}],"version-history":[{"count":0,"href":"https:\/\/college-louis-grenier.fr\/index.php\/wp-json\/wp\/v2\/posts\/764\/revisions"}],"wp:attachment":[{"href":"https:\/\/college-louis-grenier.fr\/index.php\/wp-json\/wp\/v2\/media?parent=764"}],"wp:term":[{"taxonomy":"category","embeddable":true,"href":"https:\/\/college-louis-grenier.fr\/index.php\/wp-json\/wp\/v2\/categories?post=764"},{"taxonomy":"post_tag","embeddable":true,"href":"https:\/\/college-louis-grenier.fr\/index.php\/wp-json\/wp\/v2\/tags?post=764"}],"curies":[{"name":"wp","href":"https:\/\/api.w.org\/{rel}","templated":true}]}}