{"id":747,"date":"2014-06-17T10:33:44","date_gmt":"2014-06-17T09:33:44","guid":{"rendered":"http:\/\/college-louis-grenier.fr\/?p=747"},"modified":"2014-06-17T10:33:44","modified_gmt":"2014-06-17T09:33:44","slug":"defi-lecture-2014","status":"publish","type":"post","link":"https:\/\/college-louis-grenier.fr\/index.php\/2014\/06\/17\/defi-lecture-2014\/","title":{"rendered":"DEFI LECTURE 2014"},"content":{"rendered":"<p>\t\t\t\tLe vendredi 13 juin, les \u00e9l\u00e8ves de 6\u00e8me et les \u00e9l\u00e8ves de CM2 des \u00e9coles primaires du M\u00eale sur Sarthe, d&rsquo;Essay, de Neuilly le Bisson et de Montchevrel se sont r\u00e9unis en 24 \u00e9quipes autour du lac pour participer au d\u00e9fi lecture 2014.<a href=\"http:\/\/college-louis-grenier.fr\/wp-content\/uploads\/2014\/06\/photo7.jpg\"><img loading=\"lazy\" decoding=\"async\" class=\"alignnone size-medium wp-image-748\" alt=\"photo(7)\" src=\"http:\/\/college-louis-grenier.fr\/wp-content\/uploads\/2014\/06\/photo7-600x450.jpg\" width=\"600\" height=\"450\" \/><\/a> <a href=\"http:\/\/college-louis-grenier.fr\/wp-content\/uploads\/2014\/06\/photo8.jpg\"><img loading=\"lazy\" decoding=\"async\" class=\"alignnone size-medium wp-image-749\" alt=\"photo(8)\" src=\"http:\/\/college-louis-grenier.fr\/wp-content\/uploads\/2014\/06\/photo8-600x450.jpg\" width=\"600\" height=\"450\" \/><\/a> <a href=\"http:\/\/college-louis-grenier.fr\/wp-content\/uploads\/2014\/06\/photo.jpg\"><img loading=\"lazy\" decoding=\"async\" class=\"alignnone size-medium wp-image-750\" alt=\"photo\" src=\"http:\/\/college-louis-grenier.fr\/wp-content\/uploads\/2014\/06\/photo-600x450.jpg\" width=\"600\" height=\"450\" \/><\/a> <a href=\"http:\/\/college-louis-grenier.fr\/wp-content\/uploads\/2014\/06\/photo1.jpg\"><img loading=\"lazy\" decoding=\"async\" class=\"alignnone size-medium wp-image-751\" alt=\"photo(1)\" src=\"http:\/\/college-louis-grenier.fr\/wp-content\/uploads\/2014\/06\/photo1-600x450.jpg\" width=\"600\" height=\"450\" \/><\/a> <a href=\"http:\/\/college-louis-grenier.fr\/wp-content\/uploads\/2014\/06\/photo3.jpg\"><img loading=\"lazy\" decoding=\"async\" class=\"alignnone size-medium wp-image-752\" alt=\"photo(3)\" src=\"http:\/\/college-louis-grenier.fr\/wp-content\/uploads\/2014\/06\/photo3-600x450.jpg\" width=\"600\" height=\"450\" \/><\/a> <a href=\"http:\/\/college-louis-grenier.fr\/wp-content\/uploads\/2014\/06\/photo4.jpg\"><img loading=\"lazy\" decoding=\"async\" class=\"alignnone size-medium wp-image-753\" alt=\"photo(4)\" src=\"http:\/\/college-louis-grenier.fr\/wp-content\/uploads\/2014\/06\/photo4-600x450.jpg\" width=\"600\" height=\"450\" \/><\/a> <a href=\"http:\/\/college-louis-grenier.fr\/wp-content\/uploads\/2014\/06\/photo5.jpg\"><img loading=\"lazy\" decoding=\"async\" class=\"alignnone size-medium wp-image-754\" alt=\"photo(5)\" src=\"http:\/\/college-louis-grenier.fr\/wp-content\/uploads\/2014\/06\/photo5-600x450.jpg\" width=\"600\" height=\"450\" \/><\/a> <a href=\"http:\/\/college-louis-grenier.fr\/wp-content\/uploads\/2014\/06\/photo6.jpg\"><img loading=\"lazy\" decoding=\"async\" class=\"alignnone size-medium wp-image-755\" alt=\"photo(6)\" src=\"http:\/\/college-louis-grenier.fr\/wp-content\/uploads\/2014\/06\/photo6-600x450.jpg\" width=\"600\" height=\"450\" \/><\/a>\t\t<\/p>\n","protected":false},"excerpt":{"rendered":"<p>Le vendredi 13 juin, les \u00e9l\u00e8ves de 6\u00e8me et les \u00e9l\u00e8ves de CM2 des \u00e9coles primaires du M\u00eale sur Sarthe, d&rsquo;Essay, de Neuilly le Bisson et de Montchevrel se sont r\u00e9unis en 24 \u00e9quipes autour du lac pour participer au d\u00e9fi lecture 2014.<\/p>\n","protected":false},"author":1,"featured_media":0,"comment_status":"closed","ping_status":"open","sticky":false,"template":"","format":"standard","meta":{"footnotes":""},"categories":[29],"tags":[],"class_list":["post-747","post","type-post","status-publish","format-standard","hentry","category-evenements","entry"],"_links":{"self":[{"href":"https:\/\/college-louis-grenier.fr\/index.php\/wp-json\/wp\/v2\/posts\/747","targetHints":{"allow":["GET"]}}],"collection":[{"href":"https:\/\/college-louis-grenier.fr\/index.php\/wp-json\/wp\/v2\/posts"}],"about":[{"href":"https:\/\/college-louis-grenier.fr\/index.php\/wp-json\/wp\/v2\/types\/post"}],"author":[{"embeddable":true,"href":"https:\/\/college-louis-grenier.fr\/index.php\/wp-json\/wp\/v2\/users\/1"}],"replies":[{"embeddable":true,"href":"https:\/\/college-louis-grenier.fr\/index.php\/wp-json\/wp\/v2\/comments?post=747"}],"version-history":[{"count":0,"href":"https:\/\/college-louis-grenier.fr\/index.php\/wp-json\/wp\/v2\/posts\/747\/revisions"}],"wp:attachment":[{"href":"https:\/\/college-louis-grenier.fr\/index.php\/wp-json\/wp\/v2\/media?parent=747"}],"wp:term":[{"taxonomy":"category","embeddable":true,"href":"https:\/\/college-louis-grenier.fr\/index.php\/wp-json\/wp\/v2\/categories?post=747"},{"taxonomy":"post_tag","embeddable":true,"href":"https:\/\/college-louis-grenier.fr\/index.php\/wp-json\/wp\/v2\/tags?post=747"}],"curies":[{"name":"wp","href":"https:\/\/api.w.org\/{rel}","templated":true}]}}