{"id":5189,"date":"2021-10-20T15:34:32","date_gmt":"2021-10-20T15:34:32","guid":{"rendered":"https:\/\/college-louis-grenier.fr\/index.php\/2021\/10\/20\/tweet-75\/"},"modified":"2025-10-01T14:48:44","modified_gmt":"2025-10-01T14:48:44","slug":"tweet-75","status":"publish","type":"post","link":"https:\/\/college-louis-grenier.fr\/index.php\/2021\/10\/20\/tweet-75\/","title":{"rendered":"Les \u00e9l\u00e8ves de 5eme du coll\u00e8ge ont visit\u00e9 lundi 18 octobre&#8230;"},"content":{"rendered":"<p>Les \u00e9l\u00e8ves de 5eme du coll\u00e8ge ont visit\u00e9 lundi 18 octobre 3 exploitations agricoles au Ch\u00e2teau d\u2019Almen\u00eaches dans le cadre du projet annuel autour du d\u00e9veloppement durable. #sortiescolaire #EDD https:\/\/t.co\/EoVvjDG74n<\/p>\n<p><img decoding=\"async\" src=\"https:\/\/college-louis-grenier.fr\/siteweb\/wp-content\/uploads\/2021\/10\/FCJySu7WYAAbt94.jpg\" alt=\"\" \/><\/p>\n<p><img decoding=\"async\" src=\"https:\/\/college-louis-grenier.fr\/siteweb\/wp-content\/uploads\/2021\/10\/FCJycI2WEAY2gQo.jpg\" alt=\"\" \/><\/p>\n","protected":false},"excerpt":{"rendered":"<p>Les \u00e9l\u00e8ves de 5eme du coll\u00e8ge ont visit\u00e9 lundi 18 octobre 3 exploitations agricoles au Ch\u00e2teau d\u2019Almen\u00eaches dans le cadre du projet annuel autour du d\u00e9veloppement durable. #sortiescolaire #EDD https:\/\/t.co\/EoVvjDG74n<\/p>\n","protected":false},"author":12,"featured_media":5187,"comment_status":"closed","ping_status":"closed","sticky":false,"template":"","format":"standard","meta":{"footnotes":""},"categories":[87,18],"tags":[],"class_list":["post-5189","post","type-post","status-publish","format-standard","has-post-thumbnail","hentry","category-tweets","category-vie_eleve","entry","has-media"],"_links":{"self":[{"href":"https:\/\/college-louis-grenier.fr\/index.php\/wp-json\/wp\/v2\/posts\/5189","targetHints":{"allow":["GET"]}}],"collection":[{"href":"https:\/\/college-louis-grenier.fr\/index.php\/wp-json\/wp\/v2\/posts"}],"about":[{"href":"https:\/\/college-louis-grenier.fr\/index.php\/wp-json\/wp\/v2\/types\/post"}],"author":[{"embeddable":true,"href":"https:\/\/college-louis-grenier.fr\/index.php\/wp-json\/wp\/v2\/users\/12"}],"replies":[{"embeddable":true,"href":"https:\/\/college-louis-grenier.fr\/index.php\/wp-json\/wp\/v2\/comments?post=5189"}],"version-history":[{"count":1,"href":"https:\/\/college-louis-grenier.fr\/index.php\/wp-json\/wp\/v2\/posts\/5189\/revisions"}],"predecessor-version":[{"id":5281,"href":"https:\/\/college-louis-grenier.fr\/index.php\/wp-json\/wp\/v2\/posts\/5189\/revisions\/5281"}],"wp:featuredmedia":[{"embeddable":true,"href":"https:\/\/college-louis-grenier.fr\/index.php\/wp-json\/wp\/v2\/media\/5187"}],"wp:attachment":[{"href":"https:\/\/college-louis-grenier.fr\/index.php\/wp-json\/wp\/v2\/media?parent=5189"}],"wp:term":[{"taxonomy":"category","embeddable":true,"href":"https:\/\/college-louis-grenier.fr\/index.php\/wp-json\/wp\/v2\/categories?post=5189"},{"taxonomy":"post_tag","embeddable":true,"href":"https:\/\/college-louis-grenier.fr\/index.php\/wp-json\/wp\/v2\/tags?post=5189"}],"curies":[{"name":"wp","href":"https:\/\/api.w.org\/{rel}","templated":true}]}}