{"id":5185,"date":"2022-01-08T10:32:30","date_gmt":"2022-01-08T10:32:30","guid":{"rendered":"https:\/\/college-louis-grenier.fr\/index.php\/2022\/01\/08\/tweet-73\/"},"modified":"2025-10-01T14:48:44","modified_gmt":"2025-10-01T14:48:44","slug":"tweet-73","status":"publish","type":"post","link":"https:\/\/college-louis-grenier.fr\/index.php\/2022\/01\/08\/tweet-73\/","title":{"rendered":"Sensibilisation \u00e0 l \u00e9galit\u00e9 fille\/gar\u00e7on \u00e0 travers le mon&#8230;"},"content":{"rendered":"<p>Sensibilisation \u00e0 l \u00e9galit\u00e9 fille\/gar\u00e7on \u00e0 travers le monde en classe de 5\u00b0 avec l&rsquo;UNICEF au coll\u00e8ge Louis Grenier.<br \/>#UNICEF #\u00e9galit\u00e9fillegar\u00e7on https:\/\/t.co\/QmwuqxbJUU<\/p>\n<p><img decoding=\"async\" src=\"https:\/\/college-louis-grenier.fr\/siteweb\/wp-content\/uploads\/2022\/01\/FIksYP9XsAMjUKo.jpg\" alt=\"\" \/><\/p>\n","protected":false},"excerpt":{"rendered":"<p>Sensibilisation \u00e0 l \u00e9galit\u00e9 fille\/gar\u00e7on \u00e0 travers le monde en classe de 5\u00b0 avec l&rsquo;UNICEF au coll\u00e8ge Louis Grenier.#UNICEF #\u00e9galit\u00e9fillegar\u00e7on https:\/\/t.co\/QmwuqxbJUU<\/p>\n","protected":false},"author":12,"featured_media":5184,"comment_status":"closed","ping_status":"closed","sticky":false,"template":"","format":"standard","meta":{"footnotes":""},"categories":[87,18],"tags":[],"class_list":["post-5185","post","type-post","status-publish","format-standard","has-post-thumbnail","hentry","category-tweets","category-vie_eleve","entry","has-media"],"_links":{"self":[{"href":"https:\/\/college-louis-grenier.fr\/index.php\/wp-json\/wp\/v2\/posts\/5185","targetHints":{"allow":["GET"]}}],"collection":[{"href":"https:\/\/college-louis-grenier.fr\/index.php\/wp-json\/wp\/v2\/posts"}],"about":[{"href":"https:\/\/college-louis-grenier.fr\/index.php\/wp-json\/wp\/v2\/types\/post"}],"author":[{"embeddable":true,"href":"https:\/\/college-louis-grenier.fr\/index.php\/wp-json\/wp\/v2\/users\/12"}],"replies":[{"embeddable":true,"href":"https:\/\/college-louis-grenier.fr\/index.php\/wp-json\/wp\/v2\/comments?post=5185"}],"version-history":[{"count":1,"href":"https:\/\/college-louis-grenier.fr\/index.php\/wp-json\/wp\/v2\/posts\/5185\/revisions"}],"predecessor-version":[{"id":5279,"href":"https:\/\/college-louis-grenier.fr\/index.php\/wp-json\/wp\/v2\/posts\/5185\/revisions\/5279"}],"wp:featuredmedia":[{"embeddable":true,"href":"https:\/\/college-louis-grenier.fr\/index.php\/wp-json\/wp\/v2\/media\/5184"}],"wp:attachment":[{"href":"https:\/\/college-louis-grenier.fr\/index.php\/wp-json\/wp\/v2\/media?parent=5185"}],"wp:term":[{"taxonomy":"category","embeddable":true,"href":"https:\/\/college-louis-grenier.fr\/index.php\/wp-json\/wp\/v2\/categories?post=5185"},{"taxonomy":"post_tag","embeddable":true,"href":"https:\/\/college-louis-grenier.fr\/index.php\/wp-json\/wp\/v2\/tags?post=5185"}],"curies":[{"name":"wp","href":"https:\/\/api.w.org\/{rel}","templated":true}]}}