{"id":5041,"date":"2024-02-14T17:03:50","date_gmt":"2024-02-14T17:03:50","guid":{"rendered":"https:\/\/college-louis-grenier.fr\/index.php\/2024\/02\/14\/tweet-15\/"},"modified":"2025-10-01T14:47:46","modified_gmt":"2025-10-01T14:47:46","slug":"tweet-15","status":"publish","type":"post","link":"https:\/\/college-louis-grenier.fr\/index.php\/2024\/02\/14\/tweet-15\/","title":{"rendered":"Nos minimes ont disput\u00e9 les demies finales d\u00e9partementale&#8230;"},"content":{"rendered":"<p>Nos minimes ont disput\u00e9 les demies finales d\u00e9partementales de fustal au Theil ce mercredi 14 f\u00e9vrier. Malgr\u00e9 3 d\u00e9faites nos m\u00ealois n\u2019ont rien l\u00e2ch\u00e9 et n\u2019ont pas d\u00e9m\u00e9rit\u00e9. #unss https:\/\/t.co\/esp8GGnUl7<\/p>\n<p><img decoding=\"async\" src=\"https:\/\/college-louis-grenier.fr\/siteweb\/wp-content\/uploads\/2024\/02\/GGUBhdsWMAEHQff.jpg\" alt=\"\" \/><\/p>\n","protected":false},"excerpt":{"rendered":"<p>Nos minimes ont disput\u00e9 les demies finales d\u00e9partementales de fustal au Theil ce mercredi 14 f\u00e9vrier. Malgr\u00e9 3 d\u00e9faites nos m\u00ealois n\u2019ont rien l\u00e2ch\u00e9 et n\u2019ont pas d\u00e9m\u00e9rit\u00e9. #unss https:\/\/t.co\/esp8GGnUl7<\/p>\n","protected":false},"author":12,"featured_media":5028,"comment_status":"closed","ping_status":"closed","sticky":false,"template":"","format":"standard","meta":{"footnotes":""},"categories":[18],"tags":[],"class_list":["post-5041","post","type-post","status-publish","format-standard","has-post-thumbnail","hentry","category-vie_eleve","entry","has-media"],"_links":{"self":[{"href":"https:\/\/college-louis-grenier.fr\/index.php\/wp-json\/wp\/v2\/posts\/5041","targetHints":{"allow":["GET"]}}],"collection":[{"href":"https:\/\/college-louis-grenier.fr\/index.php\/wp-json\/wp\/v2\/posts"}],"about":[{"href":"https:\/\/college-louis-grenier.fr\/index.php\/wp-json\/wp\/v2\/types\/post"}],"author":[{"embeddable":true,"href":"https:\/\/college-louis-grenier.fr\/index.php\/wp-json\/wp\/v2\/users\/12"}],"replies":[{"embeddable":true,"href":"https:\/\/college-louis-grenier.fr\/index.php\/wp-json\/wp\/v2\/comments?post=5041"}],"version-history":[{"count":1,"href":"https:\/\/college-louis-grenier.fr\/index.php\/wp-json\/wp\/v2\/posts\/5041\/revisions"}],"predecessor-version":[{"id":5221,"href":"https:\/\/college-louis-grenier.fr\/index.php\/wp-json\/wp\/v2\/posts\/5041\/revisions\/5221"}],"wp:featuredmedia":[{"embeddable":true,"href":"https:\/\/college-louis-grenier.fr\/index.php\/wp-json\/wp\/v2\/media\/5028"}],"wp:attachment":[{"href":"https:\/\/college-louis-grenier.fr\/index.php\/wp-json\/wp\/v2\/media?parent=5041"}],"wp:term":[{"taxonomy":"category","embeddable":true,"href":"https:\/\/college-louis-grenier.fr\/index.php\/wp-json\/wp\/v2\/categories?post=5041"},{"taxonomy":"post_tag","embeddable":true,"href":"https:\/\/college-louis-grenier.fr\/index.php\/wp-json\/wp\/v2\/tags?post=5041"}],"curies":[{"name":"wp","href":"https:\/\/api.w.org\/{rel}","templated":true}]}}