{"id":4165,"date":"2021-08-31T16:10:56","date_gmt":"2021-08-31T16:10:56","guid":{"rendered":"https:\/\/college-louis-grenier.fr\/?p=4165"},"modified":"2021-09-08T21:08:42","modified_gmt":"2021-09-08T21:08:42","slug":"vaccination-au-college","status":"publish","type":"post","link":"https:\/\/college-louis-grenier.fr\/index.php\/2021\/08\/31\/vaccination-au-college\/","title":{"rendered":"Vaccination au coll\u00e8ge"},"content":{"rendered":"\n<p>La vaccination des adolescents contre la COVID-19 est aujourd\u2019hui fortement recommand\u00e9e par les<br>autorit\u00e9s sanitaires d\u00e8s l\u2019\u00e2ge de 12&nbsp;ans r\u00e9volus. Elle est n\u2019est pas obligatoire. Elle est gratuite, c\u2019est-\u00e0-<br>dire qu\u2019elle est int\u00e9gralement prise en charge par l\u2019Assurance Maladie, sans avance de frais.<\/p>\n\n\n\n<blockquote class=\"wp-block-quote is-layout-flow wp-block-quote-is-layout-flow\"><p><strong><em>La vaccination sera possible au coll\u00e8ge Louis Grenier le lundi 06 septembre 2021.<\/em><\/strong><\/p><p><strong>Les parents peuvent nous rendre les documents d&rsquo;autorisation d\u00e8s la rentr\u00e9e, le vendredi 3 septembre 2021.<\/strong><\/p><\/blockquote>\n\n\n\n<p>Les documents seront distribu\u00e9s \u00e0 vos enfants lors de la rentr\u00e9e, en attendant les voici en version num\u00e9rique.<\/p>\n\n\n\n<div class=\"wp-block-file\"><a href=\"https:\/\/college-louis-grenier.fr\/siteweb\/wp-content\/uploads\/2021\/08\/Documents-vaccination.docx\">Documents-vaccination<\/a><a href=\"https:\/\/college-louis-grenier.fr\/siteweb\/wp-content\/uploads\/2021\/08\/Documents-vaccination.docx\" class=\"wp-block-file__button\" download>T\u00e9l\u00e9charger<\/a><\/div>\n\n\n\n<div data-wp-interactive=\"core\/file\" class=\"wp-block-file\"><object data-wp-bind--hidden=\"!state.hasPdfPreview\" hidden class=\"wp-block-file__embed\" data=\"https:\/\/college-louis-grenier.fr\/siteweb\/wp-content\/uploads\/2021\/08\/COURRIER-RECTRICE-PARENTS-VACCINATION.pdf\" type=\"application\/pdf\" style=\"width:100%;height:600px\" aria-label=\"Contenu embarqu\u00e9 Contenu embarqu\u00e9 COURRIER-RECTRICE-PARENTS-VACCINATION..\"><\/object><a href=\"https:\/\/college-louis-grenier.fr\/siteweb\/wp-content\/uploads\/2021\/08\/COURRIER-RECTRICE-PARENTS-VACCINATION.pdf\">COURRIER-RECTRICE-PARENTS-VACCINATION<\/a><a href=\"https:\/\/college-louis-grenier.fr\/siteweb\/wp-content\/uploads\/2021\/08\/COURRIER-RECTRICE-PARENTS-VACCINATION.pdf\" class=\"wp-block-file__button\" download>T\u00e9l\u00e9charger<\/a><\/div>\n","protected":false},"excerpt":{"rendered":"<p>La vaccination des adolescents contre la COVID-19 est aujourd\u2019hui fortement recommand\u00e9e par lesautorit\u00e9s sanitaires d\u00e8s l\u2019\u00e2ge de 12&nbsp;ans r\u00e9volus. Elle est n\u2019est pas obligatoire. Elle est gratuite, c\u2019est-\u00e0-dire qu\u2019elle est int\u00e9gralement prise en charge par l\u2019Assurance Maladie, sans avance de frais. La vaccination sera possible au coll\u00e8ge Louis Grenier le lundi 06 septembre 2021. Les [&hellip;]<\/p>\n","protected":false},"author":9,"featured_media":4168,"comment_status":"open","ping_status":"open","sticky":false,"template":"","format":"standard","meta":{"footnotes":""},"categories":[29,18],"tags":[],"class_list":["post-4165","post","type-post","status-publish","format-standard","has-post-thumbnail","hentry","category-evenements","category-vie_eleve","entry","has-media"],"_links":{"self":[{"href":"https:\/\/college-louis-grenier.fr\/index.php\/wp-json\/wp\/v2\/posts\/4165","targetHints":{"allow":["GET"]}}],"collection":[{"href":"https:\/\/college-louis-grenier.fr\/index.php\/wp-json\/wp\/v2\/posts"}],"about":[{"href":"https:\/\/college-louis-grenier.fr\/index.php\/wp-json\/wp\/v2\/types\/post"}],"author":[{"embeddable":true,"href":"https:\/\/college-louis-grenier.fr\/index.php\/wp-json\/wp\/v2\/users\/9"}],"replies":[{"embeddable":true,"href":"https:\/\/college-louis-grenier.fr\/index.php\/wp-json\/wp\/v2\/comments?post=4165"}],"version-history":[{"count":2,"href":"https:\/\/college-louis-grenier.fr\/index.php\/wp-json\/wp\/v2\/posts\/4165\/revisions"}],"predecessor-version":[{"id":4171,"href":"https:\/\/college-louis-grenier.fr\/index.php\/wp-json\/wp\/v2\/posts\/4165\/revisions\/4171"}],"wp:featuredmedia":[{"embeddable":true,"href":"https:\/\/college-louis-grenier.fr\/index.php\/wp-json\/wp\/v2\/media\/4168"}],"wp:attachment":[{"href":"https:\/\/college-louis-grenier.fr\/index.php\/wp-json\/wp\/v2\/media?parent=4165"}],"wp:term":[{"taxonomy":"category","embeddable":true,"href":"https:\/\/college-louis-grenier.fr\/index.php\/wp-json\/wp\/v2\/categories?post=4165"},{"taxonomy":"post_tag","embeddable":true,"href":"https:\/\/college-louis-grenier.fr\/index.php\/wp-json\/wp\/v2\/tags?post=4165"}],"curies":[{"name":"wp","href":"https:\/\/api.w.org\/{rel}","templated":true}]}}