{"id":378,"date":"2014-05-13T07:35:25","date_gmt":"2014-05-13T06:35:25","guid":{"rendered":"http:\/\/college-louis-grenier.fr\/?p=378"},"modified":"2014-05-13T07:35:25","modified_gmt":"2014-05-13T06:35:25","slug":"journal-de-bord-2-du-sejour-en-espagne-2014","status":"publish","type":"post","link":"https:\/\/college-louis-grenier.fr\/index.php\/2014\/05\/13\/journal-de-bord-2-du-sejour-en-espagne-2014\/","title":{"rendered":"Journal de bord 2 du s\u00e9jour en Espagne 2014"},"content":{"rendered":"<h1>Nous sommes le 12 Mai\u00a0:<\/h1>\n<h3><span style=\"font-size: 1.17em; line-height: 1.5em;\">&#8211; 13H15 : D\u00e9jeuner dans les familles<\/span><\/h3>\n<h4>Une tr\u00e8s bonne paella pr\u00e9par\u00e9e par la famille d&rsquo;accueil des accompagnateurs<\/h4>\n<h3><a href=\"http:\/\/college-louis-grenier.fr\/wp-content\/uploads\/2014\/05\/P1090820.jpg\"><img loading=\"lazy\" decoding=\"async\" alt=\"P1090820\" src=\"http:\/\/college-louis-grenier.fr\/wp-content\/uploads\/2014\/05\/P1090820-600x450.jpg\" width=\"600\" height=\"450\" \/><\/a><\/h3>\n<h3>&#8211; 16 h 30 : Rendez-vous \u00e0 la plaza Gabriel y Galaun<\/h3>\n<p><span style=\"line-height: 1.5em;\">[su_gmap address=\u00a0\u00bbplaza gabriel y galaun, salamanque, Espagne\u00a0\u00bb]<\/span><\/p>\n<p><a href=\"http:\/\/college-louis-grenier.fr\/wp-content\/uploads\/2014\/05\/DSC_0964.jpg\"><img loading=\"lazy\" decoding=\"async\" alt=\"DSC_0964\" src=\"http:\/\/college-louis-grenier.fr\/wp-content\/uploads\/2014\/05\/DSC_0964-600x398.jpg\" width=\"600\" height=\"398\" \/><\/a><\/p>\n<h3>&#8211; 16h30-20h00 : Visite des principaux monuments historiques de Salamanque<\/h3>\n<p>[su_slider source=\u00a0\u00bbmedia: 373,372,371,370,369,368,367,366,365,364,363,362,361,360,359,358,357,356,355,354,353,352,351,350,349,348,347,346,345,344,343,342,341,340,339,338,337,336,335,334,333,332,331,330,329,328,327,326,325,324,323,322,321,320&Prime; limit=\u00a0\u00bb45&Prime; title=\u00a0\u00bbno\u00a0\u00bb autoplay=\u00a0\u00bb3000&Prime;]<\/p>\n<h3>&#8211; 20h30 : retour chez les familles d&rsquo;accueil<\/h3>\n<p>&nbsp;<\/p>\n<p>&nbsp;<\/p>\n<p>&nbsp;\t\t<\/p>\n","protected":false},"excerpt":{"rendered":"<p>Nous sommes le 12 Mai\u00a0: &#8211; 13H15 : D\u00e9jeuner dans les familles Une tr\u00e8s bonne paella pr\u00e9par\u00e9e par la famille d&rsquo;accueil des accompagnateurs &#8211; 16 h 30 : Rendez-vous \u00e0 la plaza Gabriel y Galaun [su_gmap address=\u00a0\u00bbplaza gabriel y galaun, salamanque, Espagne\u00a0\u00bb] &#8211; 16h30-20h00 : Visite des principaux monuments historiques de Salamanque [su_slider source=\u00a0\u00bbmedia: 373,372,371,370,369,368,367,366,365,364,363,362,361,360,359,358,357,356,355,354,353,352,351,350,349,348,347,346,345,344,343,342,341,340,339,338,337,336,335,334,333,332,331,330,329,328,327,326,325,324,323,322,321,320&Prime; [&hellip;]<\/p>\n","protected":false},"author":1,"featured_media":0,"comment_status":"closed","ping_status":"open","sticky":false,"template":"","format":"standard","meta":{"footnotes":""},"categories":[19],"tags":[],"class_list":["post-378","post","type-post","status-publish","format-standard","hentry","category-sejours","entry"],"_links":{"self":[{"href":"https:\/\/college-louis-grenier.fr\/index.php\/wp-json\/wp\/v2\/posts\/378","targetHints":{"allow":["GET"]}}],"collection":[{"href":"https:\/\/college-louis-grenier.fr\/index.php\/wp-json\/wp\/v2\/posts"}],"about":[{"href":"https:\/\/college-louis-grenier.fr\/index.php\/wp-json\/wp\/v2\/types\/post"}],"author":[{"embeddable":true,"href":"https:\/\/college-louis-grenier.fr\/index.php\/wp-json\/wp\/v2\/users\/1"}],"replies":[{"embeddable":true,"href":"https:\/\/college-louis-grenier.fr\/index.php\/wp-json\/wp\/v2\/comments?post=378"}],"version-history":[{"count":0,"href":"https:\/\/college-louis-grenier.fr\/index.php\/wp-json\/wp\/v2\/posts\/378\/revisions"}],"wp:attachment":[{"href":"https:\/\/college-louis-grenier.fr\/index.php\/wp-json\/wp\/v2\/media?parent=378"}],"wp:term":[{"taxonomy":"category","embeddable":true,"href":"https:\/\/college-louis-grenier.fr\/index.php\/wp-json\/wp\/v2\/categories?post=378"},{"taxonomy":"post_tag","embeddable":true,"href":"https:\/\/college-louis-grenier.fr\/index.php\/wp-json\/wp\/v2\/tags?post=378"}],"curies":[{"name":"wp","href":"https:\/\/api.w.org\/{rel}","templated":true}]}}