{"id":1781,"date":"2016-05-08T10:14:53","date_gmt":"2016-05-08T09:14:53","guid":{"rendered":"http:\/\/college-louis-grenier.fr\/?p=1781"},"modified":"2016-05-08T10:14:53","modified_gmt":"2016-05-08T09:14:53","slug":"journee-de-la-memoire-en-3eme","status":"publish","type":"post","link":"https:\/\/college-louis-grenier.fr\/index.php\/2016\/05\/08\/journee-de-la-memoire-en-3eme\/","title":{"rendered":"Journ\u00e9e de la M\u00e9moire en 3\u00e8me"},"content":{"rendered":"<p>\t\t\t\tLes \u00e9l\u00e8ves de 3\u00e8me du coll\u00e8ge ont visit\u00e9 mardi 29 mars l&rsquo;exposition \u00ab\u00a0Red\u00e9couverts\u00a0\u00bborganis\u00e9e par les Archives D\u00e9partementales de l&rsquo;Orne. A cette occasion, ils ont pu voir les croquis de Camille Del\u00e9tang, prisonnier dans le camp de Holzen durant la seconde guerre mondiale ainsi que des dessins r\u00e9alis\u00e9s dans le camp de prisonniers de Damigny.<\/p>\n<p>Cette visite a \u00e9t\u00e9 r\u00e9alis\u00e9e sous l&rsquo;\u00e9gide de Pierre Chesnier, coorganisateur de l&rsquo;exposition et biographe de Camille Del\u00e9tang.<\/p>\n<p><img loading=\"lazy\" decoding=\"async\" class=\"alignnone size-full wp-image-1783\" src=\"http:\/\/college-louis-grenier.fr\/wp-content\/uploads\/2016\/04\/museephotocourt241redecouverts.jpg\" alt=\"museephotocourt241redecouverts\" width=\"240\" height=\"338\" srcset=\"https:\/\/college-louis-grenier.fr\/siteweb\/wp-content\/uploads\/2016\/04\/museephotocourt241redecouverts.jpg 240w, https:\/\/college-louis-grenier.fr\/siteweb\/wp-content\/uploads\/2016\/04\/museephotocourt241redecouverts-213x300.jpg 213w\" sizes=\"auto, (max-width: 240px) 100vw, 240px\" \/><\/p>\n<p>Le vendredi 1 avril, les \u00e9l\u00e8ves de 3\u00e8me ont alors pu rencontrer deux t\u00e9moins et acteurs de la Seconde Guerre Mondiale: Mme Goullier dont la famille a \u00e9t\u00e9 d\u00e9cor\u00e9e de la m\u00e9daille des Justes pour avoir cach\u00e9 deux enfants juifs durant la guerre et Mme Anette Lajon, r\u00e9sistante fran\u00e7aise d\u00e9cor\u00e9e de la l\u00e9gion l&rsquo;honneur. Mme Mazeline \u00e9tait \u00e9galement pr\u00e9sente.<\/p>\n<p>Nous f\u00e9licitons les \u00e9l\u00e8ves pour leur implication durant cette journ\u00e9e.<\/p>\n<p><img loading=\"lazy\" decoding=\"async\" class=\"alignnone size-medium wp-image-1787\" src=\"http:\/\/college-louis-grenier.fr\/wp-content\/uploads\/2016\/04\/4-600x450.jpg\" alt=\"4\" width=\"600\" height=\"450\" \/> <img loading=\"lazy\" decoding=\"async\" class=\"alignnone size-medium wp-image-1786\" src=\"http:\/\/college-louis-grenier.fr\/wp-content\/uploads\/2016\/04\/3-600x450.jpg\" alt=\"3\" width=\"600\" height=\"450\" \/> <img loading=\"lazy\" decoding=\"async\" class=\"alignnone size-medium wp-image-1785\" src=\"http:\/\/college-louis-grenier.fr\/wp-content\/uploads\/2016\/04\/2-600x450.jpg\" alt=\"2\" width=\"600\" height=\"450\" \/> <img loading=\"lazy\" decoding=\"async\" class=\"alignnone size-full wp-image-1788\" src=\"http:\/\/college-louis-grenier.fr\/wp-content\/uploads\/2016\/04\/1-1.jpg\" alt=\"1\" width=\"536\" height=\"433\" srcset=\"https:\/\/college-louis-grenier.fr\/siteweb\/wp-content\/uploads\/2016\/04\/1-1.jpg 536w, https:\/\/college-louis-grenier.fr\/siteweb\/wp-content\/uploads\/2016\/04\/1-1-300x242.jpg 300w\" sizes=\"auto, (max-width: 536px) 100vw, 536px\" \/><\/p>\n<p>&nbsp;\t\t<\/p>\n","protected":false},"excerpt":{"rendered":"<p>Les \u00e9l\u00e8ves de 3\u00e8me du coll\u00e8ge ont visit\u00e9 mardi 29 mars l&rsquo;exposition \u00ab\u00a0Red\u00e9couverts\u00a0\u00bborganis\u00e9e par les Archives D\u00e9partementales de l&rsquo;Orne. A cette occasion, ils ont pu voir les croquis de Camille Del\u00e9tang, prisonnier dans le camp de Holzen durant la seconde guerre mondiale ainsi que des dessins r\u00e9alis\u00e9s dans le camp de prisonniers de Damigny. Cette [&hellip;]<\/p>\n","protected":false},"author":1,"featured_media":1783,"comment_status":"closed","ping_status":"open","sticky":false,"template":"","format":"standard","meta":{"footnotes":""},"categories":[7,15],"tags":[],"class_list":["post-1781","post","type-post","status-publish","format-standard","has-post-thumbnail","hentry","category-histoire","category-sorties","entry","has-media"],"_links":{"self":[{"href":"https:\/\/college-louis-grenier.fr\/index.php\/wp-json\/wp\/v2\/posts\/1781","targetHints":{"allow":["GET"]}}],"collection":[{"href":"https:\/\/college-louis-grenier.fr\/index.php\/wp-json\/wp\/v2\/posts"}],"about":[{"href":"https:\/\/college-louis-grenier.fr\/index.php\/wp-json\/wp\/v2\/types\/post"}],"author":[{"embeddable":true,"href":"https:\/\/college-louis-grenier.fr\/index.php\/wp-json\/wp\/v2\/users\/1"}],"replies":[{"embeddable":true,"href":"https:\/\/college-louis-grenier.fr\/index.php\/wp-json\/wp\/v2\/comments?post=1781"}],"version-history":[{"count":0,"href":"https:\/\/college-louis-grenier.fr\/index.php\/wp-json\/wp\/v2\/posts\/1781\/revisions"}],"wp:featuredmedia":[{"embeddable":true,"href":"https:\/\/college-louis-grenier.fr\/index.php\/wp-json\/wp\/v2\/media\/1783"}],"wp:attachment":[{"href":"https:\/\/college-louis-grenier.fr\/index.php\/wp-json\/wp\/v2\/media?parent=1781"}],"wp:term":[{"taxonomy":"category","embeddable":true,"href":"https:\/\/college-louis-grenier.fr\/index.php\/wp-json\/wp\/v2\/categories?post=1781"},{"taxonomy":"post_tag","embeddable":true,"href":"https:\/\/college-louis-grenier.fr\/index.php\/wp-json\/wp\/v2\/tags?post=1781"}],"curies":[{"name":"wp","href":"https:\/\/api.w.org\/{rel}","templated":true}]}}