{"id":1372,"date":"2015-06-04T17:49:50","date_gmt":"2015-06-04T16:49:50","guid":{"rendered":"http:\/\/college-louis-grenier.fr\/?p=1372"},"modified":"2015-06-04T17:49:50","modified_gmt":"2015-06-04T16:49:50","slug":"rallye-pedestre-medieval-a-sees","status":"publish","type":"post","link":"https:\/\/college-louis-grenier.fr\/index.php\/2015\/06\/04\/rallye-pedestre-medieval-a-sees\/","title":{"rendered":"Rallye p\u00e9destre m\u00e9di\u00e9val \u00e0 S\u00e9es"},"content":{"rendered":"<p>\t\t\t\tJeudi 7 mai, tous les \u00e9l\u00e8ves de 5\u00e8me et les \u00e9l\u00e8ves Ulis ont particip\u00e9 \u00e0 un rallye p\u00e9destre m\u00e9di\u00e9val \u00e0 S\u00e9es. Au menu de cette sortie, la visite de la cath\u00e9drale avec un guide afin de r\u00e9aliser un expos\u00e9 num\u00e9rique et une course contre la montre dans les sites historiques de S\u00e9es pour r\u00e9soudre une \u00e9nigme.<\/p>\n<p>Cette escapade couronne deux \u00e9quipes:<\/p>\n<p>1er- l&rsquo;\u00e9quipe \u00ab\u00a0Marie Stuart\u00a0\u00bb accompagn\u00e9e par Mr Jonathan Lepan.<\/p>\n<p>2nd- l&rsquo;\u00e9quipe \u00ab\u00a0Ali\u00e9nor d&rsquo;Aquitaine\u00a0\u00bb accompagn\u00e9e par Mme Yvermog\u00e9o.<\/p>\n<p>Les vainqueurs ont \u00e9t\u00e9 r\u00e9compens\u00e9s comme il se doit&#8230;<\/p>\n<div id='gallery-1' class='gallery galleryid-1372 gallery-columns-3 gallery-size-thumbnail'><figure class='gallery-item'>\n\t\t\t<div class='gallery-icon landscape'>\n\t\t\t\t<a href='https:\/\/college-louis-grenier.fr\/sees6\/'><img loading=\"lazy\" decoding=\"async\" width=\"100\" height=\"100\" src=\"https:\/\/college-louis-grenier.fr\/siteweb\/wp-content\/uploads\/2015\/06\/sees6-150x150.jpg\" class=\"attachment-thumbnail size-thumbnail\" alt=\"\" \/><\/a>\n\t\t\t<\/div><\/figure><figure class='gallery-item'>\n\t\t\t<div class='gallery-icon landscape'>\n\t\t\t\t<a href='https:\/\/college-louis-grenier.fr\/sees1\/'><img loading=\"lazy\" decoding=\"async\" width=\"100\" height=\"100\" src=\"https:\/\/college-louis-grenier.fr\/siteweb\/wp-content\/uploads\/2015\/06\/sees1-150x150.jpg\" class=\"attachment-thumbnail size-thumbnail\" alt=\"\" \/><\/a>\n\t\t\t<\/div><\/figure><figure class='gallery-item'>\n\t\t\t<div class='gallery-icon landscape'>\n\t\t\t\t<a href='https:\/\/college-louis-grenier.fr\/sees2\/'><img loading=\"lazy\" decoding=\"async\" width=\"100\" height=\"100\" src=\"https:\/\/college-louis-grenier.fr\/siteweb\/wp-content\/uploads\/2015\/06\/sees2-150x150.jpg\" class=\"attachment-thumbnail size-thumbnail\" alt=\"\" \/><\/a>\n\t\t\t<\/div><\/figure><figure class='gallery-item'>\n\t\t\t<div class='gallery-icon landscape'>\n\t\t\t\t<a href='https:\/\/college-louis-grenier.fr\/sees3\/'><img loading=\"lazy\" decoding=\"async\" width=\"100\" height=\"100\" src=\"https:\/\/college-louis-grenier.fr\/siteweb\/wp-content\/uploads\/2015\/06\/sees3-150x150.jpg\" class=\"attachment-thumbnail size-thumbnail\" alt=\"\" \/><\/a>\n\t\t\t<\/div><\/figure><figure class='gallery-item'>\n\t\t\t<div class='gallery-icon landscape'>\n\t\t\t\t<a href='https:\/\/college-louis-grenier.fr\/sees4\/'><img loading=\"lazy\" decoding=\"async\" width=\"100\" height=\"100\" src=\"https:\/\/college-louis-grenier.fr\/siteweb\/wp-content\/uploads\/2015\/06\/sees4-150x150.jpg\" class=\"attachment-thumbnail size-thumbnail\" alt=\"\" \/><\/a>\n\t\t\t<\/div><\/figure><figure class='gallery-item'>\n\t\t\t<div class='gallery-icon landscape'>\n\t\t\t\t<a href='https:\/\/college-louis-grenier.fr\/sees5\/'><img loading=\"lazy\" decoding=\"async\" width=\"100\" height=\"100\" src=\"https:\/\/college-louis-grenier.fr\/siteweb\/wp-content\/uploads\/2015\/06\/sees5-150x150.jpg\" class=\"attachment-thumbnail size-thumbnail\" alt=\"\" \/><\/a>\n\t\t\t<\/div><\/figure>\n\t\t<\/div>\n\n<p>&nbsp;\t\t<\/p>\n","protected":false},"excerpt":{"rendered":"<p>Jeudi 7 mai, tous les \u00e9l\u00e8ves de 5\u00e8me et les \u00e9l\u00e8ves Ulis ont particip\u00e9 \u00e0 un rallye p\u00e9destre m\u00e9di\u00e9val \u00e0 S\u00e9es. Au menu de cette sortie, la visite de la cath\u00e9drale avec un guide afin de r\u00e9aliser un expos\u00e9 num\u00e9rique et une course contre la montre dans les sites historiques de S\u00e9es pour r\u00e9soudre une [&hellip;]<\/p>\n","protected":false},"author":1,"featured_media":0,"comment_status":"closed","ping_status":"open","sticky":false,"template":"","format":"standard","meta":{"footnotes":""},"categories":[2,7,15,17],"tags":[],"class_list":["post-1372","post","type-post","status-publish","format-standard","hentry","category-ailleurs","category-histoire","category-sorties","category-ulis","entry"],"_links":{"self":[{"href":"https:\/\/college-louis-grenier.fr\/index.php\/wp-json\/wp\/v2\/posts\/1372","targetHints":{"allow":["GET"]}}],"collection":[{"href":"https:\/\/college-louis-grenier.fr\/index.php\/wp-json\/wp\/v2\/posts"}],"about":[{"href":"https:\/\/college-louis-grenier.fr\/index.php\/wp-json\/wp\/v2\/types\/post"}],"author":[{"embeddable":true,"href":"https:\/\/college-louis-grenier.fr\/index.php\/wp-json\/wp\/v2\/users\/1"}],"replies":[{"embeddable":true,"href":"https:\/\/college-louis-grenier.fr\/index.php\/wp-json\/wp\/v2\/comments?post=1372"}],"version-history":[{"count":0,"href":"https:\/\/college-louis-grenier.fr\/index.php\/wp-json\/wp\/v2\/posts\/1372\/revisions"}],"wp:attachment":[{"href":"https:\/\/college-louis-grenier.fr\/index.php\/wp-json\/wp\/v2\/media?parent=1372"}],"wp:term":[{"taxonomy":"category","embeddable":true,"href":"https:\/\/college-louis-grenier.fr\/index.php\/wp-json\/wp\/v2\/categories?post=1372"},{"taxonomy":"post_tag","embeddable":true,"href":"https:\/\/college-louis-grenier.fr\/index.php\/wp-json\/wp\/v2\/tags?post=1372"}],"curies":[{"name":"wp","href":"https:\/\/api.w.org\/{rel}","templated":true}]}}