{"id":1357,"date":"2015-06-04T17:48:54","date_gmt":"2015-06-04T16:48:54","guid":{"rendered":"http:\/\/college-louis-grenier.fr\/?p=1357"},"modified":"2015-06-04T17:48:54","modified_gmt":"2015-06-04T16:48:54","slug":"visite-du-site-gallo-romain-de-jublains","status":"publish","type":"post","link":"https:\/\/college-louis-grenier.fr\/index.php\/2015\/06\/04\/visite-du-site-gallo-romain-de-jublains\/","title":{"rendered":"Visite du site gallo-romain de Jublains"},"content":{"rendered":"<p>\t\t\t\tMardi 12 mai, les \u00e9l\u00e8ves de 6eA et de 6eB ont visit\u00e9 le site arch\u00e9ologique gallo-romain de Jublains. Ils ont pu d\u00e9couvrir le mus\u00e9e et se sont montr\u00e9s tr\u00e8s perspicaces pour trouver les r\u00e9ponses aux questions de leur livret p\u00e9dagogique r\u00e9alis\u00e9 par Mme Thuli\u00e8vre et \u00a0Mme Trassin. Certains \u00e9l\u00e8ves ont pu s&rsquo;essayer \u00e0 la com\u00e9die en jouant quelques sc\u00e8nes dans les vestiges de l&rsquo;ancien th\u00e9\u00e2tre romain.<\/p>\n<p>&nbsp;<\/p>\n<div id='gallery-1' class='gallery galleryid-1357 gallery-columns-3 gallery-size-thumbnail'><figure class='gallery-item'>\n\t\t\t<div class='gallery-icon landscape'>\n\t\t\t\t<a href='https:\/\/college-louis-grenier.fr\/jublains-1\/'><img loading=\"lazy\" decoding=\"async\" width=\"100\" height=\"100\" src=\"https:\/\/college-louis-grenier.fr\/siteweb\/wp-content\/uploads\/2015\/06\/jublains-1-150x150.jpg\" class=\"attachment-thumbnail size-thumbnail\" alt=\"\" \/><\/a>\n\t\t\t<\/div><\/figure><figure class='gallery-item'>\n\t\t\t<div class='gallery-icon landscape'>\n\t\t\t\t<a href='https:\/\/college-louis-grenier.fr\/jublains-2\/'><img loading=\"lazy\" decoding=\"async\" width=\"100\" height=\"100\" src=\"https:\/\/college-louis-grenier.fr\/siteweb\/wp-content\/uploads\/2015\/06\/jublains-2-150x150.jpg\" class=\"attachment-thumbnail size-thumbnail\" alt=\"\" \/><\/a>\n\t\t\t<\/div><\/figure><figure class='gallery-item'>\n\t\t\t<div class='gallery-icon landscape'>\n\t\t\t\t<a href='https:\/\/college-louis-grenier.fr\/jublains-3\/'><img loading=\"lazy\" decoding=\"async\" width=\"100\" height=\"100\" src=\"https:\/\/college-louis-grenier.fr\/siteweb\/wp-content\/uploads\/2015\/06\/jublains-3-150x150.jpg\" class=\"attachment-thumbnail size-thumbnail\" alt=\"\" \/><\/a>\n\t\t\t<\/div><\/figure><figure class='gallery-item'>\n\t\t\t<div class='gallery-icon landscape'>\n\t\t\t\t<a href='https:\/\/college-louis-grenier.fr\/jublains-4\/'><img loading=\"lazy\" decoding=\"async\" width=\"100\" height=\"100\" src=\"https:\/\/college-louis-grenier.fr\/siteweb\/wp-content\/uploads\/2015\/06\/jublains-4-150x150.jpg\" class=\"attachment-thumbnail size-thumbnail\" alt=\"\" \/><\/a>\n\t\t\t<\/div><\/figure><figure class='gallery-item'>\n\t\t\t<div class='gallery-icon landscape'>\n\t\t\t\t<a href='https:\/\/college-louis-grenier.fr\/jublains-5\/'><img loading=\"lazy\" decoding=\"async\" width=\"100\" height=\"100\" src=\"https:\/\/college-louis-grenier.fr\/siteweb\/wp-content\/uploads\/2015\/06\/jublains-5-150x150.jpg\" class=\"attachment-thumbnail size-thumbnail\" alt=\"\" \/><\/a>\n\t\t\t<\/div><\/figure><figure class='gallery-item'>\n\t\t\t<div class='gallery-icon landscape'>\n\t\t\t\t<a href='https:\/\/college-louis-grenier.fr\/jublains-6\/'><img loading=\"lazy\" decoding=\"async\" width=\"100\" height=\"100\" src=\"https:\/\/college-louis-grenier.fr\/siteweb\/wp-content\/uploads\/2015\/06\/jublains-6-150x150.jpg\" class=\"attachment-thumbnail size-thumbnail\" alt=\"\" \/><\/a>\n\t\t\t<\/div><\/figure>\n\t\t<\/div>\n\n","protected":false},"excerpt":{"rendered":"<p>Mardi 12 mai, les \u00e9l\u00e8ves de 6eA et de 6eB ont visit\u00e9 le site arch\u00e9ologique gallo-romain de Jublains. Ils ont pu d\u00e9couvrir le mus\u00e9e et se sont montr\u00e9s tr\u00e8s perspicaces pour trouver les r\u00e9ponses aux questions de leur livret p\u00e9dagogique r\u00e9alis\u00e9 par Mme Thuli\u00e8vre et \u00a0Mme Trassin. Certains \u00e9l\u00e8ves ont pu s&rsquo;essayer \u00e0 la com\u00e9die [&hellip;]<\/p>\n","protected":false},"author":1,"featured_media":0,"comment_status":"closed","ping_status":"open","sticky":false,"template":"","format":"standard","meta":{"footnotes":""},"categories":[2,7,15],"tags":[],"class_list":["post-1357","post","type-post","status-publish","format-standard","hentry","category-ailleurs","category-histoire","category-sorties","entry"],"_links":{"self":[{"href":"https:\/\/college-louis-grenier.fr\/index.php\/wp-json\/wp\/v2\/posts\/1357","targetHints":{"allow":["GET"]}}],"collection":[{"href":"https:\/\/college-louis-grenier.fr\/index.php\/wp-json\/wp\/v2\/posts"}],"about":[{"href":"https:\/\/college-louis-grenier.fr\/index.php\/wp-json\/wp\/v2\/types\/post"}],"author":[{"embeddable":true,"href":"https:\/\/college-louis-grenier.fr\/index.php\/wp-json\/wp\/v2\/users\/1"}],"replies":[{"embeddable":true,"href":"https:\/\/college-louis-grenier.fr\/index.php\/wp-json\/wp\/v2\/comments?post=1357"}],"version-history":[{"count":0,"href":"https:\/\/college-louis-grenier.fr\/index.php\/wp-json\/wp\/v2\/posts\/1357\/revisions"}],"wp:attachment":[{"href":"https:\/\/college-louis-grenier.fr\/index.php\/wp-json\/wp\/v2\/media?parent=1357"}],"wp:term":[{"taxonomy":"category","embeddable":true,"href":"https:\/\/college-louis-grenier.fr\/index.php\/wp-json\/wp\/v2\/categories?post=1357"},{"taxonomy":"post_tag","embeddable":true,"href":"https:\/\/college-louis-grenier.fr\/index.php\/wp-json\/wp\/v2\/tags?post=1357"}],"curies":[{"name":"wp","href":"https:\/\/api.w.org\/{rel}","templated":true}]}}