{"id":1196,"date":"2015-01-18T16:02:06","date_gmt":"2015-01-18T15:02:06","guid":{"rendered":"http:\/\/college-louis-grenier.fr\/?p=1196"},"modified":"2015-01-18T16:02:06","modified_gmt":"2015-01-18T15:02:06","slug":"creations-originales-de-sceaux-medievaux-par-les-5emes","status":"publish","type":"post","link":"https:\/\/college-louis-grenier.fr\/index.php\/2015\/01\/18\/creations-originales-de-sceaux-medievaux-par-les-5emes\/","title":{"rendered":"Cr\u00e9ations originales de sceaux m\u00e9di\u00e9vaux par les 5\u00e8mes"},"content":{"rendered":"<p>\t\t\t\tApr\u00e8s leur visite aux archives d\u00e9partementales de l&rsquo;Orne, les \u00e9l\u00e8ves de 5\u00e8me ont tous re\u00e7u le moulage d&rsquo;un sceau m\u00e9di\u00e9val. Ils pouvaient le personnaliser selon leur inspiration: \u00e0 la fa\u00e7on d&rsquo;une enluminure m\u00e9di\u00e9vale, dorures, pigments naturels de l&rsquo;\u00e9poque m\u00e9di\u00e9vale&#8230;<\/p>\n<p>Les sceaux les plus pl\u00e9biscit\u00e9s par les \u00e9l\u00e8ves votant sont les suivants:<\/p>\n<p>1: Sceau de ville d&rsquo;Amandine Derouet<\/p>\n<p><a href=\"http:\/\/college-louis-grenier.fr\/wp-content\/uploads\/2015\/01\/DSC04285.jpg\"><img loading=\"lazy\" decoding=\"async\" class=\"alignnone size-medium wp-image-1200\" alt=\"DSC04285\" src=\"http:\/\/college-louis-grenier.fr\/wp-content\/uploads\/2015\/01\/DSC04285-600x450.jpg\" width=\"600\" height=\"450\" \/><\/a><\/p>\n<p>2. Sceau \u00e9questre de Maxime P\u00e9nisson<\/p>\n<p><a href=\"http:\/\/college-louis-grenier.fr\/wp-content\/uploads\/2015\/01\/DSC04283.jpg\"><img loading=\"lazy\" decoding=\"async\" class=\"alignnone size-medium wp-image-1198\" alt=\"DSC04283\" src=\"http:\/\/college-louis-grenier.fr\/wp-content\/uploads\/2015\/01\/DSC04283-600x450.jpg\" width=\"600\" height=\"450\" \/><\/a><\/p>\n<p>&nbsp;<\/p>\n<p>3. Sceau armorial d&rsquo;Angela Monthul\u00e9<\/p>\n<p><a href=\"http:\/\/college-louis-grenier.fr\/wp-content\/uploads\/2015\/01\/DSC04284.jpg\"><img loading=\"lazy\" decoding=\"async\" class=\"alignnone size-medium wp-image-1199\" alt=\"DSC04284\" src=\"http:\/\/college-louis-grenier.fr\/wp-content\/uploads\/2015\/01\/DSC04284-600x450.jpg\" width=\"600\" height=\"450\" \/><\/a><\/p>\n<p>&nbsp;<\/p>\n<p>4. Sceau de femme d&rsquo;Aline Riant<\/p>\n<p><a href=\"http:\/\/college-louis-grenier.fr\/wp-content\/uploads\/2015\/01\/DSC04286.jpg\"><img loading=\"lazy\" decoding=\"async\" class=\"alignnone size-medium wp-image-1201\" alt=\"DSC04286\" src=\"http:\/\/college-louis-grenier.fr\/wp-content\/uploads\/2015\/01\/DSC04286-600x450.jpg\" width=\"600\" height=\"450\" \/><\/a><\/p>\n<p>&nbsp;<\/p>\n<p>5. Sceau de ville d&rsquo;Audrey Boulivet<\/p>\n<p><a href=\"http:\/\/college-louis-grenier.fr\/wp-content\/uploads\/2015\/01\/DSC04287.jpg\"><img loading=\"lazy\" decoding=\"async\" class=\"alignnone size-medium wp-image-1202\" alt=\"DSC04287\" src=\"http:\/\/college-louis-grenier.fr\/wp-content\/uploads\/2015\/01\/DSC04287-600x450.jpg\" width=\"600\" height=\"450\" \/><\/a><\/p>\n<p>F\u00e9licitations aux \u00e9l\u00e8ves pour leur investissement.\t\t<\/p>\n","protected":false},"excerpt":{"rendered":"<p>Apr\u00e8s leur visite aux archives d\u00e9partementales de l&rsquo;Orne, les \u00e9l\u00e8ves de 5\u00e8me ont tous re\u00e7u le moulage d&rsquo;un sceau m\u00e9di\u00e9val. Ils pouvaient le personnaliser selon leur inspiration: \u00e0 la fa\u00e7on d&rsquo;une enluminure m\u00e9di\u00e9vale, dorures, pigments naturels de l&rsquo;\u00e9poque m\u00e9di\u00e9vale&#8230; Les sceaux les plus pl\u00e9biscit\u00e9s par les \u00e9l\u00e8ves votant sont les suivants: 1: Sceau de ville [&hellip;]<\/p>\n","protected":false},"author":1,"featured_media":0,"comment_status":"closed","ping_status":"open","sticky":false,"template":"","format":"standard","meta":{"footnotes":""},"categories":[2,7,15],"tags":[],"class_list":["post-1196","post","type-post","status-publish","format-standard","hentry","category-ailleurs","category-histoire","category-sorties","entry"],"_links":{"self":[{"href":"https:\/\/college-louis-grenier.fr\/index.php\/wp-json\/wp\/v2\/posts\/1196","targetHints":{"allow":["GET"]}}],"collection":[{"href":"https:\/\/college-louis-grenier.fr\/index.php\/wp-json\/wp\/v2\/posts"}],"about":[{"href":"https:\/\/college-louis-grenier.fr\/index.php\/wp-json\/wp\/v2\/types\/post"}],"author":[{"embeddable":true,"href":"https:\/\/college-louis-grenier.fr\/index.php\/wp-json\/wp\/v2\/users\/1"}],"replies":[{"embeddable":true,"href":"https:\/\/college-louis-grenier.fr\/index.php\/wp-json\/wp\/v2\/comments?post=1196"}],"version-history":[{"count":0,"href":"https:\/\/college-louis-grenier.fr\/index.php\/wp-json\/wp\/v2\/posts\/1196\/revisions"}],"wp:attachment":[{"href":"https:\/\/college-louis-grenier.fr\/index.php\/wp-json\/wp\/v2\/media?parent=1196"}],"wp:term":[{"taxonomy":"category","embeddable":true,"href":"https:\/\/college-louis-grenier.fr\/index.php\/wp-json\/wp\/v2\/categories?post=1196"},{"taxonomy":"post_tag","embeddable":true,"href":"https:\/\/college-louis-grenier.fr\/index.php\/wp-json\/wp\/v2\/tags?post=1196"}],"curies":[{"name":"wp","href":"https:\/\/api.w.org\/{rel}","templated":true}]}}